{"id":3986,"date":"2022-08-25T14:13:41","date_gmt":"2022-08-25T12:13:41","guid":{"rendered":"https:\/\/thesitsgroup.com\/?post_type=presse&#038;p=3986"},"modified":"2024-04-23T20:32:33","modified_gmt":"2024-04-23T18:32:33","slug":"prof-dr-claudia-eckert-tritt-dem-verwaltungsrat-der-swiss-it-security-group-bei","status":"publish","type":"presse","link":"https:\/\/sits.friendventure.dev\/en\/news\/prof-dr-claudia-eckert-joins-the-board-of-directors-of-the-swiss-it-security-group\/","title":{"rendered":"Prof. Dr. Claudia Eckert joins the Board of Directors of the Swiss IT Security Group"},"content":{"rendered":"<section class=\"wpb-content-wrapper\"><p>[vc_row][vc_column][vc_column_text]<span class=\"elementor-heading-title elementor-size-default\">Wettingen (Switzerland), August 25, 2022 <\/span>[\/vc_column_text][\/vc_column][\/vc_row][vc_row][vc_column][vc_column_text]Mit sofortiger Wirkung wurde Frau Prof. Dr. Claudia Eckert in den Verwaltungsrat der Swiss IT Security Group berufen.<\/p>\n<p>Die promovierte und habilitierte Informatikerin ist Leiterin des Lehrstuhls f\u00fcr \u201eSicherheit in der Informatik\u201c an der Technischen Universit\u00e4t M\u00fcnchen sowie Leiterin des Fraunhofer-Instituts f\u00fcr Angewandte und Integrierte Sicherheit (AISEC) in Garching bei M\u00fcnchen. Daneben ist sie unter anderem Mitglied des Aufsichtsrats der Bundesdruckerei, der Trumpf GmbH und der BWI GmbH.<\/p>\n<p>Als Mitglied wichtiger wissenschaftlicher und industrieller Gremien ber\u00e4t sie Unternehmen, Wirtschaftsverb\u00e4nde sowie Ministerien auf nationaler und internationaler Ebene bei der Entwicklung von Forschungsstrategien und der Umsetzung von Sicherheitskonzepten.<\/p>\n<p>Ihre Leistungen wurden unter anderem mit den Auszeichnungen \u201eDeutschlands Digitale K\u00f6pfe\u201c des Bundesministeriums f\u00fcr Bildung und Forschung sowie 2021 mit dem Bayerischen Verdienstorden gew\u00fcrdigt.[\/vc_column_text]<div class=\"smx_global_spacer size-s\"><\/div>\n<div class=\"quote-line\">\n    <div class=\"summary-container-line clr-primary-line\">\n\n                    <div class=\"summary-content_quote-line h6 \">\u201cAs an internationally renowned and excellently connected cyber security expert, Prof. Dr. Eckert will be able to play a key role in shaping the Group\u2019s further development into one of Europe\u2019s leading cyber security companies\u201d.<\/p>\n<p>J\u00fcrgen Rottler, Chairman of the Board of Directors of SITS Group<\/div>   \n        \n    <\/div>\n<\/div>[\/vc_column][\/vc_row]<\/p>\n<\/section>","protected":false},"excerpt":{"rendered":"<p>[vc_row][vc_column][vc_column_text]Wettingen (Switzerland), August 25, 2022 [\/vc_column_text][\/vc_column][\/vc_row][vc_row][vc_column][vc_column_text]Mit sofortiger Wirkung wurde Frau Prof. Dr. Claudia Eckert in den Verwaltungsrat der Swiss IT Security Group berufen. Die promovierte und habilitierte Informatikerin ist Leiterin des Lehrstuhls f\u00fcr \u201eSicherheit in der Informatik\u201c an der Technischen Universit\u00e4t M\u00fcnchen sowie Leiterin des Fraunhofer-Instituts f\u00fcr Angewandte und Integrierte Sicherheit (AISEC) in Garching bei [&hellip;]<\/p>\n","protected":false},"author":5,"featured_media":5595,"template":"","meta":{"inline_featured_image":false},"press_categories":[292],"class_list":["post-3986","presse","type-presse","status-publish","has-post-thumbnail","hentry","press_categories-sits-en"],"acf":[],"yoast_head":"<!-- This site is optimized with the Yoast SEO plugin v24.9 - https:\/\/yoast.com\/wordpress\/plugins\/seo\/ -->\n<title>Prof. Dr. Claudia Eckert joins the Board of Directors of the Swiss IT Security Group - SITS<\/title>\n<meta name=\"description\" content=\"Prof. Dr. Claudia Eckert joins the Board of Directors of the Swiss IT Security Group \u00bb Jetzt informieren!\" \/>\n<meta name=\"robots\" content=\"noindex, follow, max-snippet:-1, max-image-preview:large, max-video-preview:-1\" \/>\n<meta property=\"og:locale\" content=\"en_GB\" \/>\n<meta property=\"og:type\" content=\"article\" \/>\n<meta property=\"og:title\" content=\"Prof. Dr. Claudia Eckert joins the Board of Directors of the Swiss IT Security Group - SITS\" \/>\n<meta property=\"og:description\" content=\"Prof. Dr. Claudia Eckert joins the Board of Directors of the Swiss IT Security Group \u00bb Jetzt informieren!\" \/>\n<meta property=\"og:url\" content=\"https:\/\/sits.friendventure.dev\/en\/news\/prof-dr-claudia-eckert-joins-the-board-of-directors-of-the-swiss-it-security-group\/\" \/>\n<meta property=\"og:site_name\" content=\"SITS\" \/>\n<meta property=\"article:modified_time\" content=\"2024-04-23T18:32:33+00:00\" \/>\n<meta property=\"og:image\" content=\"https:\/\/sits.friendventure.dev\/wp-content\/uploads\/2023\/11\/SITS7.jpg\" \/>\n\t<meta property=\"og:image:width\" content=\"805\" \/>\n\t<meta property=\"og:image:height\" content=\"1435\" \/>\n\t<meta property=\"og:image:type\" content=\"image\/jpeg\" \/>\n<meta name=\"twitter:card\" content=\"summary_large_image\" \/>\n<meta name=\"twitter:label1\" content=\"Estimated reading time\" \/>\n\t<meta name=\"twitter:data1\" content=\"2 minutes\" \/>\n<script type=\"application\/ld+json\" class=\"yoast-schema-graph\">{\"@context\":\"https:\/\/schema.org\",\"@graph\":[{\"@type\":\"WebPage\",\"@id\":\"https:\/\/sits.friendventure.dev\/en\/news\/prof-dr-claudia-eckert-joins-the-board-of-directors-of-the-swiss-it-security-group\/\",\"url\":\"https:\/\/sits.friendventure.dev\/en\/news\/prof-dr-claudia-eckert-joins-the-board-of-directors-of-the-swiss-it-security-group\/\",\"name\":\"Prof. Dr. Claudia Eckert joins the Board of Directors of the Swiss IT Security Group - SITS\",\"isPartOf\":{\"@id\":\"https:\/\/sits.friendventure.dev\/en\/#website\"},\"primaryImageOfPage\":{\"@id\":\"https:\/\/sits.friendventure.dev\/en\/news\/prof-dr-claudia-eckert-joins-the-board-of-directors-of-the-swiss-it-security-group\/#primaryimage\"},\"image\":{\"@id\":\"https:\/\/sits.friendventure.dev\/en\/news\/prof-dr-claudia-eckert-joins-the-board-of-directors-of-the-swiss-it-security-group\/#primaryimage\"},\"thumbnailUrl\":\"https:\/\/sits.friendventure.dev\/wp-content\/uploads\/2023\/11\/SITS7.jpg\",\"datePublished\":\"2022-08-25T12:13:41+00:00\",\"dateModified\":\"2024-04-23T18:32:33+00:00\",\"description\":\"Prof. Dr. Claudia Eckert joins the Board of Directors of the Swiss IT Security Group \u00bb Jetzt informieren!\",\"breadcrumb\":{\"@id\":\"https:\/\/sits.friendventure.dev\/en\/news\/prof-dr-claudia-eckert-joins-the-board-of-directors-of-the-swiss-it-security-group\/#breadcrumb\"},\"inLanguage\":\"en-GB\",\"potentialAction\":[{\"@type\":\"ReadAction\",\"target\":[\"https:\/\/sits.friendventure.dev\/en\/news\/prof-dr-claudia-eckert-joins-the-board-of-directors-of-the-swiss-it-security-group\/\"]}]},{\"@type\":\"ImageObject\",\"inLanguage\":\"en-GB\",\"@id\":\"https:\/\/sits.friendventure.dev\/en\/news\/prof-dr-claudia-eckert-joins-the-board-of-directors-of-the-swiss-it-security-group\/#primaryimage\",\"url\":\"https:\/\/sits.friendventure.dev\/wp-content\/uploads\/2023\/11\/SITS7.jpg\",\"contentUrl\":\"https:\/\/sits.friendventure.dev\/wp-content\/uploads\/2023\/11\/SITS7.jpg\",\"width\":805,\"height\":1435},{\"@type\":\"BreadcrumbList\",\"@id\":\"https:\/\/sits.friendventure.dev\/en\/news\/prof-dr-claudia-eckert-joins-the-board-of-directors-of-the-swiss-it-security-group\/#breadcrumb\",\"itemListElement\":[{\"@type\":\"ListItem\",\"position\":1,\"name\":\"Startseite\",\"item\":\"https:\/\/sits.friendventure.dev\/en\/\"},{\"@type\":\"ListItem\",\"position\":2,\"name\":\"Prof. Dr. Claudia Eckert joins the Board of Directors of the Swiss IT Security Group\"}]},{\"@type\":\"WebSite\",\"@id\":\"https:\/\/sits.friendventure.dev\/en\/#website\",\"url\":\"https:\/\/sits.friendventure.dev\/en\/\",\"name\":\"SITS\",\"description\":\"\",\"publisher\":{\"@id\":\"https:\/\/sits.friendventure.dev\/en\/#organization\"},\"potentialAction\":[{\"@type\":\"SearchAction\",\"target\":{\"@type\":\"EntryPoint\",\"urlTemplate\":\"https:\/\/sits.friendventure.dev\/en\/?s={search_term_string}\"},\"query-input\":{\"@type\":\"PropertyValueSpecification\",\"valueRequired\":true,\"valueName\":\"search_term_string\"}}],\"inLanguage\":\"en-GB\"},{\"@type\":\"Organization\",\"@id\":\"https:\/\/sits.friendventure.dev\/en\/#organization\",\"name\":\"SITS\",\"url\":\"https:\/\/sits.friendventure.dev\/en\/\",\"logo\":{\"@type\":\"ImageObject\",\"inLanguage\":\"en-GB\",\"@id\":\"https:\/\/sits.friendventure.dev\/en\/#\/schema\/logo\/image\/\",\"url\":\"https:\/\/sits.friendventure.dev\/wp-content\/uploads\/2024\/04\/sits-logo-new.svg\",\"contentUrl\":\"https:\/\/sits.friendventure.dev\/wp-content\/uploads\/2024\/04\/sits-logo-new.svg\",\"width\":557,\"height\":322,\"caption\":\"SITS\"},\"image\":{\"@id\":\"https:\/\/sits.friendventure.dev\/en\/#\/schema\/logo\/image\/\"}}]}<\/script>\n<!-- \/ Yoast SEO plugin. -->","yoast_head_json":{"title":"Prof. Dr. Claudia Eckert joins the Board of Directors of the Swiss IT Security Group - SITS","description":"Prof. Dr. Claudia Eckert joins the Board of Directors of the Swiss IT Security Group \u00bb Jetzt informieren!","robots":{"index":"noindex","follow":"follow","max-snippet":"max-snippet:-1","max-image-preview":"max-image-preview:large","max-video-preview":"max-video-preview:-1"},"og_locale":"en_GB","og_type":"article","og_title":"Prof. Dr. Claudia Eckert joins the Board of Directors of the Swiss IT Security Group - SITS","og_description":"Prof. Dr. Claudia Eckert joins the Board of Directors of the Swiss IT Security Group \u00bb Jetzt informieren!","og_url":"https:\/\/sits.friendventure.dev\/en\/news\/prof-dr-claudia-eckert-joins-the-board-of-directors-of-the-swiss-it-security-group\/","og_site_name":"SITS","article_modified_time":"2024-04-23T18:32:33+00:00","og_image":[{"width":805,"height":1435,"url":"https:\/\/sits.friendventure.dev\/wp-content\/uploads\/2023\/11\/SITS7.jpg","type":"image\/jpeg"}],"twitter_card":"summary_large_image","twitter_misc":{"Estimated reading time":"2 minutes"},"schema":{"@context":"https:\/\/schema.org","@graph":[{"@type":"WebPage","@id":"https:\/\/sits.friendventure.dev\/en\/news\/prof-dr-claudia-eckert-joins-the-board-of-directors-of-the-swiss-it-security-group\/","url":"https:\/\/sits.friendventure.dev\/en\/news\/prof-dr-claudia-eckert-joins-the-board-of-directors-of-the-swiss-it-security-group\/","name":"Prof. Dr. Claudia Eckert joins the Board of Directors of the Swiss IT Security Group - SITS","isPartOf":{"@id":"https:\/\/sits.friendventure.dev\/en\/#website"},"primaryImageOfPage":{"@id":"https:\/\/sits.friendventure.dev\/en\/news\/prof-dr-claudia-eckert-joins-the-board-of-directors-of-the-swiss-it-security-group\/#primaryimage"},"image":{"@id":"https:\/\/sits.friendventure.dev\/en\/news\/prof-dr-claudia-eckert-joins-the-board-of-directors-of-the-swiss-it-security-group\/#primaryimage"},"thumbnailUrl":"https:\/\/sits.friendventure.dev\/wp-content\/uploads\/2023\/11\/SITS7.jpg","datePublished":"2022-08-25T12:13:41+00:00","dateModified":"2024-04-23T18:32:33+00:00","description":"Prof. Dr. Claudia Eckert joins the Board of Directors of the Swiss IT Security Group \u00bb Jetzt informieren!","breadcrumb":{"@id":"https:\/\/sits.friendventure.dev\/en\/news\/prof-dr-claudia-eckert-joins-the-board-of-directors-of-the-swiss-it-security-group\/#breadcrumb"},"inLanguage":"en-GB","potentialAction":[{"@type":"ReadAction","target":["https:\/\/sits.friendventure.dev\/en\/news\/prof-dr-claudia-eckert-joins-the-board-of-directors-of-the-swiss-it-security-group\/"]}]},{"@type":"ImageObject","inLanguage":"en-GB","@id":"https:\/\/sits.friendventure.dev\/en\/news\/prof-dr-claudia-eckert-joins-the-board-of-directors-of-the-swiss-it-security-group\/#primaryimage","url":"https:\/\/sits.friendventure.dev\/wp-content\/uploads\/2023\/11\/SITS7.jpg","contentUrl":"https:\/\/sits.friendventure.dev\/wp-content\/uploads\/2023\/11\/SITS7.jpg","width":805,"height":1435},{"@type":"BreadcrumbList","@id":"https:\/\/sits.friendventure.dev\/en\/news\/prof-dr-claudia-eckert-joins-the-board-of-directors-of-the-swiss-it-security-group\/#breadcrumb","itemListElement":[{"@type":"ListItem","position":1,"name":"Startseite","item":"https:\/\/sits.friendventure.dev\/en\/"},{"@type":"ListItem","position":2,"name":"Prof. Dr. Claudia Eckert joins the Board of Directors of the Swiss IT Security Group"}]},{"@type":"WebSite","@id":"https:\/\/sits.friendventure.dev\/en\/#website","url":"https:\/\/sits.friendventure.dev\/en\/","name":"SITS","description":"","publisher":{"@id":"https:\/\/sits.friendventure.dev\/en\/#organization"},"potentialAction":[{"@type":"SearchAction","target":{"@type":"EntryPoint","urlTemplate":"https:\/\/sits.friendventure.dev\/en\/?s={search_term_string}"},"query-input":{"@type":"PropertyValueSpecification","valueRequired":true,"valueName":"search_term_string"}}],"inLanguage":"en-GB"},{"@type":"Organization","@id":"https:\/\/sits.friendventure.dev\/en\/#organization","name":"SITS","url":"https:\/\/sits.friendventure.dev\/en\/","logo":{"@type":"ImageObject","inLanguage":"en-GB","@id":"https:\/\/sits.friendventure.dev\/en\/#\/schema\/logo\/image\/","url":"https:\/\/sits.friendventure.dev\/wp-content\/uploads\/2024\/04\/sits-logo-new.svg","contentUrl":"https:\/\/sits.friendventure.dev\/wp-content\/uploads\/2024\/04\/sits-logo-new.svg","width":557,"height":322,"caption":"SITS"},"image":{"@id":"https:\/\/sits.friendventure.dev\/en\/#\/schema\/logo\/image\/"}}]}},"_links":{"self":[{"href":"https:\/\/sits.friendventure.dev\/en\/wp-json\/wp\/v2\/presse\/3986","targetHints":{"allow":["GET"]}}],"collection":[{"href":"https:\/\/sits.friendventure.dev\/en\/wp-json\/wp\/v2\/presse"}],"about":[{"href":"https:\/\/sits.friendventure.dev\/en\/wp-json\/wp\/v2\/types\/presse"}],"author":[{"embeddable":true,"href":"https:\/\/sits.friendventure.dev\/en\/wp-json\/wp\/v2\/users\/5"}],"wp:featuredmedia":[{"embeddable":true,"href":"https:\/\/sits.friendventure.dev\/en\/wp-json\/wp\/v2\/media\/5595"}],"wp:attachment":[{"href":"https:\/\/sits.friendventure.dev\/en\/wp-json\/wp\/v2\/media?parent=3986"}],"wp:term":[{"taxonomy":"press_categories","embeddable":true,"href":"https:\/\/sits.friendventure.dev\/en\/wp-json\/wp\/v2\/press_categories?post=3986"}],"curies":[{"name":"wp","href":"https:\/\/api.w.org\/{rel}","templated":true}]}}