{"id":3980,"date":"2022-08-25T14:13:41","date_gmt":"2022-08-25T12:13:41","guid":{"rendered":"https:\/\/thesitsgroup.com\/?post_type=presse&#038;p=3980"},"modified":"2024-04-23T20:32:18","modified_gmt":"2024-04-23T18:32:18","slug":"prof-dr-claudia-eckert-tritt-dem-verwaltungsrat-der-swiss-it-security-group-bei","status":"publish","type":"presse","link":"https:\/\/sits.friendventure.dev\/de\/news\/prof-dr-claudia-eckert-tritt-dem-verwaltungsrat-der-swiss-it-security-group-bei\/","title":{"rendered":"Prof. Dr. Claudia Eckert tritt dem Verwaltungsrat der Swiss IT Security Group bei"},"content":{"rendered":"<section class=\"wpb-content-wrapper\"><p>[vc_row][vc_column][vc_column_text]<span class=\"elementor-heading-title elementor-size-default\">Wettingen (Schweiz) 25. August 2022 <\/span>[\/vc_column_text][\/vc_column][\/vc_row][vc_row][vc_column][vc_column_text]<\/p>\n<div class=\"elementor-element elementor-element-d95fd94 elementor-widget elementor-widget-heading\" data-id=\"d95fd94\" data-element_type=\"widget\" data-widget_type=\"heading.default\">\n<div class=\"elementor-widget-container\">\n<h3 class=\"elementor-heading-title elementor-size-default\">Der Verwaltungsrat der Swiss IT Security Group gewinnt mit Frau Prof. Dr. Claudia Eckert eine international renommierte Wissenschaftlerin mit ausgewiesener Expertise im Forschungsbereich Informationssicherheit.<\/h3>\n<\/div>\n<\/div>\n<div class=\"elementor-element elementor-element-4ce3e3ef elementor-widget elementor-widget-text-editor\" data-id=\"4ce3e3ef\" data-element_type=\"widget\" data-widget_type=\"text-editor.default\">\n<div class=\"elementor-widget-container\">\n<div class=\"elementor-text-editor elementor-clearfix\">\n<p>Mit sofortiger Wirkung wurde Frau Prof. Dr. Claudia Eckert in den Verwaltungsrat der Swiss IT Security Group berufen.<\/p>\n<p>Die promovierte und habilitierte Informatikerin ist Leiterin des Lehrstuhls f\u00fcr \u201eSicherheit in der Informatik\u201c an der Technischen Universit\u00e4t M\u00fcnchen sowie Leiterin des Fraunhofer-Instituts f\u00fcr Angewandte und Integrierte Sicherheit (AISEC) in Garching bei M\u00fcnchen. Daneben ist sie unter anderem Mitglied des Aufsichtsrats der Bundesdruckerei, der Trumpf GmbH und der BWI GmbH.<\/p>\n<p>Als Mitglied wichtiger wissenschaftlicher und industrieller Gremien ber\u00e4t sie Unternehmen, Wirtschaftsverb\u00e4nde sowie Ministerien auf nationaler und internationaler Ebene bei der Entwicklung von Forschungsstrategien und der Umsetzung von Sicherheitskonzepten.<\/p>\n<p>Ihre Leistungen wurden unter anderem mit den Auszeichnungen \u201eDeutschlands Digitale K\u00f6pfe\u201c des Bundesministeriums f\u00fcr Bildung und Forschung sowie 2021 mit dem Bayerischen Verdienstorden gew\u00fcrdigt.<\/p>\n<p><em>\u201eAls international renommierte und hervorragend vernetzte Cyber Security Expertin wird Frau Prof. Dr. Eckert die weitere Entwicklung der Gruppe hin zu einem der f\u00fchrenden europ\u00e4ischen Cyber Security-Unternehmen ma\u00dfgeblich mitgestalten k\u00f6nnen\u201c, <\/em>sagt J\u00fcrgen Rottler, Verwaltungsratsvorsitzender der Swiss IT Security Group.<\/p>\n<\/div>\n<\/div>\n<\/div>\n<p>[\/vc_column_text][\/vc_column][\/vc_row]<\/p>\n<\/section>","protected":false},"excerpt":{"rendered":"<p>[vc_row][vc_column][vc_column_text]Wettingen (Schweiz) 25. August 2022 [\/vc_column_text][\/vc_column][\/vc_row][vc_row][vc_column][vc_column_text] Der Verwaltungsrat der Swiss IT Security Group gewinnt mit Frau Prof. Dr. Claudia Eckert eine international renommierte Wissenschaftlerin mit ausgewiesener Expertise im Forschungsbereich Informationssicherheit. Mit sofortiger Wirkung wurde Frau Prof. Dr. Claudia Eckert in den Verwaltungsrat der Swiss IT Security Group berufen. Die promovierte und habilitierte Informatikerin ist Leiterin [&hellip;]<\/p>\n","protected":false},"author":5,"featured_media":5591,"template":"","meta":{"inline_featured_image":false},"press_categories":[279],"class_list":["post-3980","presse","type-presse","status-publish","has-post-thumbnail","hentry","press_categories-sits"],"acf":[],"yoast_head":"<!-- This site is optimized with the Yoast SEO plugin v24.9 - https:\/\/yoast.com\/wordpress\/plugins\/seo\/ -->\n<title>Prof. Dr. Claudia Eckert tritt dem Verwaltungsrat der Swiss IT Security Group bei - SITS<\/title>\n<meta name=\"description\" content=\"Prof. Dr. Claudia Eckert tritt dem Verwaltungsrat der Swiss IT Security Group bei \u00bb Jetzt informieren!\" \/>\n<meta name=\"robots\" content=\"noindex, follow, max-snippet:-1, max-image-preview:large, max-video-preview:-1\" \/>\n<meta property=\"og:locale\" content=\"de_DE\" \/>\n<meta property=\"og:type\" content=\"article\" \/>\n<meta property=\"og:title\" content=\"Prof. Dr. Claudia Eckert tritt dem Verwaltungsrat der Swiss IT Security Group bei - SITS\" \/>\n<meta property=\"og:description\" content=\"Prof. Dr. Claudia Eckert tritt dem Verwaltungsrat der Swiss IT Security Group bei \u00bb Jetzt informieren!\" \/>\n<meta property=\"og:url\" content=\"https:\/\/sits.friendventure.dev\/de\/news\/prof-dr-claudia-eckert-tritt-dem-verwaltungsrat-der-swiss-it-security-group-bei\/\" \/>\n<meta property=\"og:site_name\" content=\"SITS\" \/>\n<meta property=\"article:modified_time\" content=\"2024-04-23T18:32:18+00:00\" \/>\n<meta property=\"og:image\" content=\"https:\/\/sits.friendventure.dev\/wp-content\/uploads\/2023\/11\/SITS7.jpg\" \/>\n\t<meta property=\"og:image:width\" content=\"805\" \/>\n\t<meta property=\"og:image:height\" content=\"1435\" \/>\n\t<meta property=\"og:image:type\" content=\"image\/jpeg\" \/>\n<meta name=\"twitter:card\" content=\"summary_large_image\" \/>\n<meta name=\"twitter:label1\" content=\"Est. reading time\" \/>\n\t<meta name=\"twitter:data1\" content=\"2 minutes\" \/>\n<script type=\"application\/ld+json\" class=\"yoast-schema-graph\">{\"@context\":\"https:\/\/schema.org\",\"@graph\":[{\"@type\":\"WebPage\",\"@id\":\"https:\/\/sits.friendventure.dev\/de\/news\/prof-dr-claudia-eckert-tritt-dem-verwaltungsrat-der-swiss-it-security-group-bei\/\",\"url\":\"https:\/\/sits.friendventure.dev\/de\/news\/prof-dr-claudia-eckert-tritt-dem-verwaltungsrat-der-swiss-it-security-group-bei\/\",\"name\":\"Prof. Dr. Claudia Eckert tritt dem Verwaltungsrat der Swiss IT Security Group bei - SITS\",\"isPartOf\":{\"@id\":\"https:\/\/sits.friendventure.dev\/de\/#website\"},\"primaryImageOfPage\":{\"@id\":\"https:\/\/sits.friendventure.dev\/de\/news\/prof-dr-claudia-eckert-tritt-dem-verwaltungsrat-der-swiss-it-security-group-bei\/#primaryimage\"},\"image\":{\"@id\":\"https:\/\/sits.friendventure.dev\/de\/news\/prof-dr-claudia-eckert-tritt-dem-verwaltungsrat-der-swiss-it-security-group-bei\/#primaryimage\"},\"thumbnailUrl\":\"https:\/\/sits.friendventure.dev\/wp-content\/uploads\/2023\/11\/SITS7.jpg\",\"datePublished\":\"2022-08-25T12:13:41+00:00\",\"dateModified\":\"2024-04-23T18:32:18+00:00\",\"description\":\"Prof. Dr. Claudia Eckert tritt dem Verwaltungsrat der Swiss IT Security Group bei \u00bb Jetzt informieren!\",\"breadcrumb\":{\"@id\":\"https:\/\/sits.friendventure.dev\/de\/news\/prof-dr-claudia-eckert-tritt-dem-verwaltungsrat-der-swiss-it-security-group-bei\/#breadcrumb\"},\"inLanguage\":\"de\",\"potentialAction\":[{\"@type\":\"ReadAction\",\"target\":[\"https:\/\/sits.friendventure.dev\/de\/news\/prof-dr-claudia-eckert-tritt-dem-verwaltungsrat-der-swiss-it-security-group-bei\/\"]}]},{\"@type\":\"ImageObject\",\"inLanguage\":\"de\",\"@id\":\"https:\/\/sits.friendventure.dev\/de\/news\/prof-dr-claudia-eckert-tritt-dem-verwaltungsrat-der-swiss-it-security-group-bei\/#primaryimage\",\"url\":\"https:\/\/sits.friendventure.dev\/wp-content\/uploads\/2023\/11\/SITS7.jpg\",\"contentUrl\":\"https:\/\/sits.friendventure.dev\/wp-content\/uploads\/2023\/11\/SITS7.jpg\",\"width\":805,\"height\":1435},{\"@type\":\"BreadcrumbList\",\"@id\":\"https:\/\/sits.friendventure.dev\/de\/news\/prof-dr-claudia-eckert-tritt-dem-verwaltungsrat-der-swiss-it-security-group-bei\/#breadcrumb\",\"itemListElement\":[{\"@type\":\"ListItem\",\"position\":1,\"name\":\"Startseite\",\"item\":\"https:\/\/sits.friendventure.dev\/de\/\"},{\"@type\":\"ListItem\",\"position\":2,\"name\":\"Prof. Dr. Claudia Eckert tritt dem Verwaltungsrat der Swiss IT Security Group bei\"}]},{\"@type\":\"WebSite\",\"@id\":\"https:\/\/sits.friendventure.dev\/de\/#website\",\"url\":\"https:\/\/sits.friendventure.dev\/de\/\",\"name\":\"SITS\",\"description\":\"\",\"publisher\":{\"@id\":\"https:\/\/sits.friendventure.dev\/de\/#organization\"},\"potentialAction\":[{\"@type\":\"SearchAction\",\"target\":{\"@type\":\"EntryPoint\",\"urlTemplate\":\"https:\/\/sits.friendventure.dev\/de\/?s={search_term_string}\"},\"query-input\":{\"@type\":\"PropertyValueSpecification\",\"valueRequired\":true,\"valueName\":\"search_term_string\"}}],\"inLanguage\":\"de\"},{\"@type\":\"Organization\",\"@id\":\"https:\/\/sits.friendventure.dev\/de\/#organization\",\"name\":\"SITS\",\"url\":\"https:\/\/sits.friendventure.dev\/de\/\",\"logo\":{\"@type\":\"ImageObject\",\"inLanguage\":\"de\",\"@id\":\"https:\/\/sits.friendventure.dev\/de\/#\/schema\/logo\/image\/\",\"url\":\"https:\/\/sits.friendventure.dev\/wp-content\/uploads\/2024\/04\/sits-logo-new.svg\",\"contentUrl\":\"https:\/\/sits.friendventure.dev\/wp-content\/uploads\/2024\/04\/sits-logo-new.svg\",\"width\":557,\"height\":322,\"caption\":\"SITS\"},\"image\":{\"@id\":\"https:\/\/sits.friendventure.dev\/de\/#\/schema\/logo\/image\/\"}}]}<\/script>\n<!-- \/ Yoast SEO plugin. -->","yoast_head_json":{"title":"Prof. Dr. Claudia Eckert tritt dem Verwaltungsrat der Swiss IT Security Group bei - SITS","description":"Prof. Dr. Claudia Eckert tritt dem Verwaltungsrat der Swiss IT Security Group bei \u00bb Jetzt informieren!","robots":{"index":"noindex","follow":"follow","max-snippet":"max-snippet:-1","max-image-preview":"max-image-preview:large","max-video-preview":"max-video-preview:-1"},"og_locale":"de_DE","og_type":"article","og_title":"Prof. Dr. Claudia Eckert tritt dem Verwaltungsrat der Swiss IT Security Group bei - SITS","og_description":"Prof. Dr. Claudia Eckert tritt dem Verwaltungsrat der Swiss IT Security Group bei \u00bb Jetzt informieren!","og_url":"https:\/\/sits.friendventure.dev\/de\/news\/prof-dr-claudia-eckert-tritt-dem-verwaltungsrat-der-swiss-it-security-group-bei\/","og_site_name":"SITS","article_modified_time":"2024-04-23T18:32:18+00:00","og_image":[{"width":805,"height":1435,"url":"https:\/\/sits.friendventure.dev\/wp-content\/uploads\/2023\/11\/SITS7.jpg","type":"image\/jpeg"}],"twitter_card":"summary_large_image","twitter_misc":{"Est. reading time":"2 minutes"},"schema":{"@context":"https:\/\/schema.org","@graph":[{"@type":"WebPage","@id":"https:\/\/sits.friendventure.dev\/de\/news\/prof-dr-claudia-eckert-tritt-dem-verwaltungsrat-der-swiss-it-security-group-bei\/","url":"https:\/\/sits.friendventure.dev\/de\/news\/prof-dr-claudia-eckert-tritt-dem-verwaltungsrat-der-swiss-it-security-group-bei\/","name":"Prof. Dr. Claudia Eckert tritt dem Verwaltungsrat der Swiss IT Security Group bei - SITS","isPartOf":{"@id":"https:\/\/sits.friendventure.dev\/de\/#website"},"primaryImageOfPage":{"@id":"https:\/\/sits.friendventure.dev\/de\/news\/prof-dr-claudia-eckert-tritt-dem-verwaltungsrat-der-swiss-it-security-group-bei\/#primaryimage"},"image":{"@id":"https:\/\/sits.friendventure.dev\/de\/news\/prof-dr-claudia-eckert-tritt-dem-verwaltungsrat-der-swiss-it-security-group-bei\/#primaryimage"},"thumbnailUrl":"https:\/\/sits.friendventure.dev\/wp-content\/uploads\/2023\/11\/SITS7.jpg","datePublished":"2022-08-25T12:13:41+00:00","dateModified":"2024-04-23T18:32:18+00:00","description":"Prof. Dr. Claudia Eckert tritt dem Verwaltungsrat der Swiss IT Security Group bei \u00bb Jetzt informieren!","breadcrumb":{"@id":"https:\/\/sits.friendventure.dev\/de\/news\/prof-dr-claudia-eckert-tritt-dem-verwaltungsrat-der-swiss-it-security-group-bei\/#breadcrumb"},"inLanguage":"de","potentialAction":[{"@type":"ReadAction","target":["https:\/\/sits.friendventure.dev\/de\/news\/prof-dr-claudia-eckert-tritt-dem-verwaltungsrat-der-swiss-it-security-group-bei\/"]}]},{"@type":"ImageObject","inLanguage":"de","@id":"https:\/\/sits.friendventure.dev\/de\/news\/prof-dr-claudia-eckert-tritt-dem-verwaltungsrat-der-swiss-it-security-group-bei\/#primaryimage","url":"https:\/\/sits.friendventure.dev\/wp-content\/uploads\/2023\/11\/SITS7.jpg","contentUrl":"https:\/\/sits.friendventure.dev\/wp-content\/uploads\/2023\/11\/SITS7.jpg","width":805,"height":1435},{"@type":"BreadcrumbList","@id":"https:\/\/sits.friendventure.dev\/de\/news\/prof-dr-claudia-eckert-tritt-dem-verwaltungsrat-der-swiss-it-security-group-bei\/#breadcrumb","itemListElement":[{"@type":"ListItem","position":1,"name":"Startseite","item":"https:\/\/sits.friendventure.dev\/de\/"},{"@type":"ListItem","position":2,"name":"Prof. Dr. Claudia Eckert tritt dem Verwaltungsrat der Swiss IT Security Group bei"}]},{"@type":"WebSite","@id":"https:\/\/sits.friendventure.dev\/de\/#website","url":"https:\/\/sits.friendventure.dev\/de\/","name":"SITS","description":"","publisher":{"@id":"https:\/\/sits.friendventure.dev\/de\/#organization"},"potentialAction":[{"@type":"SearchAction","target":{"@type":"EntryPoint","urlTemplate":"https:\/\/sits.friendventure.dev\/de\/?s={search_term_string}"},"query-input":{"@type":"PropertyValueSpecification","valueRequired":true,"valueName":"search_term_string"}}],"inLanguage":"de"},{"@type":"Organization","@id":"https:\/\/sits.friendventure.dev\/de\/#organization","name":"SITS","url":"https:\/\/sits.friendventure.dev\/de\/","logo":{"@type":"ImageObject","inLanguage":"de","@id":"https:\/\/sits.friendventure.dev\/de\/#\/schema\/logo\/image\/","url":"https:\/\/sits.friendventure.dev\/wp-content\/uploads\/2024\/04\/sits-logo-new.svg","contentUrl":"https:\/\/sits.friendventure.dev\/wp-content\/uploads\/2024\/04\/sits-logo-new.svg","width":557,"height":322,"caption":"SITS"},"image":{"@id":"https:\/\/sits.friendventure.dev\/de\/#\/schema\/logo\/image\/"}}]}},"_links":{"self":[{"href":"https:\/\/sits.friendventure.dev\/de\/wp-json\/wp\/v2\/presse\/3980","targetHints":{"allow":["GET"]}}],"collection":[{"href":"https:\/\/sits.friendventure.dev\/de\/wp-json\/wp\/v2\/presse"}],"about":[{"href":"https:\/\/sits.friendventure.dev\/de\/wp-json\/wp\/v2\/types\/presse"}],"author":[{"embeddable":true,"href":"https:\/\/sits.friendventure.dev\/de\/wp-json\/wp\/v2\/users\/5"}],"wp:featuredmedia":[{"embeddable":true,"href":"https:\/\/sits.friendventure.dev\/de\/wp-json\/wp\/v2\/media\/5591"}],"wp:attachment":[{"href":"https:\/\/sits.friendventure.dev\/de\/wp-json\/wp\/v2\/media?parent=3980"}],"wp:term":[{"taxonomy":"press_categories","embeddable":true,"href":"https:\/\/sits.friendventure.dev\/de\/wp-json\/wp\/v2\/press_categories?post=3980"}],"curies":[{"name":"wp","href":"https:\/\/api.w.org\/{rel}","templated":true}]}}