{"id":20197,"date":"2025-02-26T11:00:05","date_gmt":"2025-02-26T10:00:05","guid":{"rendered":"https:\/\/sits.com\/?post_type=presse&#038;p=20197"},"modified":"2025-02-26T16:35:34","modified_gmt":"2025-02-26T15:35:34","slug":"pascal-keller-bossart-wird-neuer-ceo-der-sits-group","status":"publish","type":"presse","link":"https:\/\/sits.friendventure.dev\/de\/news\/pascal-keller-bossart-wird-neuer-ceo-der-sits-group\/","title":{"rendered":"Pascal Keller-Bossart wird neuer CEO der SITS Group"},"content":{"rendered":"<section class=\"wpb-content-wrapper\"><p>[vc_row][vc_column][vc_column_text]<strong>Wettingen (Schweiz), 26. Februar 2025 \u2013 <\/strong>Die SITS Group AG, eine f\u00fchrende Unternehmensgruppe f\u00fcr IT Security, ernennt Pascal Keller-Bossart (45) mit Wirkung vom 01. M\u00e4rz 2025 zum neuen CEO. Er \u00fcbernimmt diese Position von Maximilian Coqui, der dem Unternehmen als Vertreter des Gesellschafters Triton Partners auch weiterhin verbunden bleibt.<\/p>\n<p>Pascal Keller-Bossart war zuletzt CEO des IT-Dienstleisters Inventx und st\u00e4rkte dessen f\u00fchrende Marktposition in der Schweizer Finanzbranche nachhaltig. Er baute das Gesch\u00e4ft stark aus und trieb mit der Gr\u00fcndung eigener Gesch\u00e4ftseinheiten f\u00fcr die Wachstumsfelder Cloud, Workplace und Cyber Security die Organisationsentwicklung voran. Davor hatte er verschiedene F\u00fchrungspositionen bei Google Cloud inne, zuletzt als Head of Google Workspace f\u00fcr die DACH-Region.<\/p>\n<p>Pascal Keller-Bossart hat an der ETH Z\u00fcrich Informatik studiert und h\u00e4lt einen MBA von der Kellogg School of Management in Chicago.<\/p>\n<p>J\u00fcrgen Rottler, Vorsitzender des Verwaltungsrats sagt: \u201e<em>Wir freuen uns, Pascal Keller-Bossart als neuen CEO der SITS Group begr\u00fc\u00dfen zu k\u00f6nnen. Er verf\u00fcgt sowohl \u00fcber umfangreiche F\u00fchrungserfahrung im IT Services Sektor als auch tiefgehende Kenntnisse in der digitalen Transformation und der Gesch\u00e4ftsentwicklung. Seine Expertise wird die SITS Group auf ihrem Weg zum f\u00fchrenden Service Partner \u00a0im Bereich Cyber Security ma\u00dfgeblich unterst\u00fctzen.<\/em>\u201c[\/vc_column_text]<div class=\"smx_global_spacer size-xs\"><\/div>\n[vc_separator]<div class=\"smx_global_spacer size-xs\"><\/div>\n[vc_column_text]<strong>\u00dcber die SITS Group: <\/strong>Die SITS Group AG ist Europas f\u00fchrender Cyber Security Provider. Mit ganzheitlichen Security und Cloud Services unterst\u00fctzt sie Kunden als vertrauensw\u00fcrdiger Partner dabei, digitale Herausforderungen zu bew\u00e4ltigen. Mit mehr als 700 hochqualifizierten Mitarbeitenden in sieben europ\u00e4ischen L\u00e4ndern ist die SITS Group der ideale Partner f\u00fcr Unternehmen und \u00f6ffentliche Einrichtungen, wenn es um ma\u00dfgeschneiderte IT-Consultingstrategien, innovatives Engineering, Cloud-Technologien und Transformation sowie umfassende Managed Services aus einer Hand geht. Denn die digitale Sicherheit der Kunden steht bei der SITS Group an erster Stelle.[\/vc_column_text][vc_column_text]<strong>Pressekontakt<\/strong><br \/>\nKerstin Brennecke<br \/>\nHead of Marketing<br \/>\nSITS Group<br \/>\n<a href=\"mailto:Kerstin.brennecke@sits-group.ch\">kerstin.brennecke@sits-group.ch<\/a>[\/vc_column_text][\/vc_column][\/vc_row]<\/p>\n<\/section>","protected":false},"excerpt":{"rendered":"<p>[vc_row][vc_column][vc_column_text]Wettingen (Schweiz), 26. Februar 2025 \u2013 Die SITS Group AG, eine f\u00fchrende Unternehmensgruppe f\u00fcr IT Security, ernennt Pascal Keller-Bossart (45) mit Wirkung vom 01. M\u00e4rz 2025 zum neuen CEO. Er \u00fcbernimmt diese Position von Maximilian Coqui, der dem Unternehmen als Vertreter des Gesellschafters Triton Partners auch weiterhin verbunden bleibt. Pascal Keller-Bossart war zuletzt CEO des [&hellip;]<\/p>\n","protected":false},"author":4,"featured_media":5560,"template":"","meta":{"inline_featured_image":false},"press_categories":[279],"class_list":["post-20197","presse","type-presse","status-publish","has-post-thumbnail","hentry","press_categories-sits"],"acf":[],"yoast_head":"<!-- This site is optimized with the Yoast SEO plugin v24.9 - https:\/\/yoast.com\/wordpress\/plugins\/seo\/ -->\n<title>Pascal Keller-Bossart wird neuer CEO der SITS Group - SITS<\/title>\n<meta name=\"description\" content=\"Die SITS Group AG ernennt Pascal Keller-Bossart (45) mit Wirkung vom 1. M\u00e4rz 2025 zum neuen CEO.\" \/>\n<meta name=\"robots\" content=\"noindex, follow, max-snippet:-1, max-image-preview:large, max-video-preview:-1\" \/>\n<meta property=\"og:locale\" content=\"de_DE\" \/>\n<meta property=\"og:type\" content=\"article\" \/>\n<meta property=\"og:title\" content=\"Pascal Keller-Bossart wird neuer CEO der SITS Group - SITS\" \/>\n<meta property=\"og:description\" content=\"Die SITS Group AG ernennt Pascal Keller-Bossart (45) mit Wirkung vom 1. M\u00e4rz 2025 zum neuen CEO.\" \/>\n<meta property=\"og:url\" content=\"https:\/\/sits.friendventure.dev\/de\/news\/pascal-keller-bossart-wird-neuer-ceo-der-sits-group\/\" \/>\n<meta property=\"og:site_name\" content=\"SITS\" \/>\n<meta property=\"article:modified_time\" content=\"2025-02-26T15:35:34+00:00\" \/>\n<meta property=\"og:image\" content=\"https:\/\/sits.friendventure.dev\/wp-content\/uploads\/2024\/02\/SITS1.jpg\" \/>\n\t<meta property=\"og:image:width\" content=\"805\" \/>\n\t<meta property=\"og:image:height\" content=\"1435\" \/>\n\t<meta property=\"og:image:type\" content=\"image\/jpeg\" \/>\n<meta name=\"twitter:card\" content=\"summary_large_image\" \/>\n<meta name=\"twitter:label1\" content=\"Est. reading time\" \/>\n\t<meta name=\"twitter:data1\" content=\"2 minutes\" \/>\n<script type=\"application\/ld+json\" class=\"yoast-schema-graph\">{\"@context\":\"https:\/\/schema.org\",\"@graph\":[{\"@type\":\"WebPage\",\"@id\":\"https:\/\/sits.friendventure.dev\/de\/news\/pascal-keller-bossart-wird-neuer-ceo-der-sits-group\/\",\"url\":\"https:\/\/sits.friendventure.dev\/de\/news\/pascal-keller-bossart-wird-neuer-ceo-der-sits-group\/\",\"name\":\"Pascal Keller-Bossart wird neuer CEO der SITS Group - SITS\",\"isPartOf\":{\"@id\":\"https:\/\/sits.friendventure.dev\/de\/#website\"},\"primaryImageOfPage\":{\"@id\":\"https:\/\/sits.friendventure.dev\/de\/news\/pascal-keller-bossart-wird-neuer-ceo-der-sits-group\/#primaryimage\"},\"image\":{\"@id\":\"https:\/\/sits.friendventure.dev\/de\/news\/pascal-keller-bossart-wird-neuer-ceo-der-sits-group\/#primaryimage\"},\"thumbnailUrl\":\"https:\/\/sits.friendventure.dev\/wp-content\/uploads\/2024\/02\/SITS1.jpg\",\"datePublished\":\"2025-02-26T10:00:05+00:00\",\"dateModified\":\"2025-02-26T15:35:34+00:00\",\"description\":\"Die SITS Group AG ernennt Pascal Keller-Bossart (45) mit Wirkung vom 1. M\u00e4rz 2025 zum neuen CEO.\",\"breadcrumb\":{\"@id\":\"https:\/\/sits.friendventure.dev\/de\/news\/pascal-keller-bossart-wird-neuer-ceo-der-sits-group\/#breadcrumb\"},\"inLanguage\":\"de\",\"potentialAction\":[{\"@type\":\"ReadAction\",\"target\":[\"https:\/\/sits.friendventure.dev\/de\/news\/pascal-keller-bossart-wird-neuer-ceo-der-sits-group\/\"]}]},{\"@type\":\"ImageObject\",\"inLanguage\":\"de\",\"@id\":\"https:\/\/sits.friendventure.dev\/de\/news\/pascal-keller-bossart-wird-neuer-ceo-der-sits-group\/#primaryimage\",\"url\":\"https:\/\/sits.friendventure.dev\/wp-content\/uploads\/2024\/02\/SITS1.jpg\",\"contentUrl\":\"https:\/\/sits.friendventure.dev\/wp-content\/uploads\/2024\/02\/SITS1.jpg\",\"width\":805,\"height\":1435},{\"@type\":\"BreadcrumbList\",\"@id\":\"https:\/\/sits.friendventure.dev\/de\/news\/pascal-keller-bossart-wird-neuer-ceo-der-sits-group\/#breadcrumb\",\"itemListElement\":[{\"@type\":\"ListItem\",\"position\":1,\"name\":\"Startseite\",\"item\":\"https:\/\/sits.friendventure.dev\/de\/\"},{\"@type\":\"ListItem\",\"position\":2,\"name\":\"Pascal Keller-Bossart wird neuer CEO der SITS Group\"}]},{\"@type\":\"WebSite\",\"@id\":\"https:\/\/sits.friendventure.dev\/de\/#website\",\"url\":\"https:\/\/sits.friendventure.dev\/de\/\",\"name\":\"SITS\",\"description\":\"\",\"publisher\":{\"@id\":\"https:\/\/sits.friendventure.dev\/de\/#organization\"},\"potentialAction\":[{\"@type\":\"SearchAction\",\"target\":{\"@type\":\"EntryPoint\",\"urlTemplate\":\"https:\/\/sits.friendventure.dev\/de\/?s={search_term_string}\"},\"query-input\":{\"@type\":\"PropertyValueSpecification\",\"valueRequired\":true,\"valueName\":\"search_term_string\"}}],\"inLanguage\":\"de\"},{\"@type\":\"Organization\",\"@id\":\"https:\/\/sits.friendventure.dev\/de\/#organization\",\"name\":\"SITS\",\"url\":\"https:\/\/sits.friendventure.dev\/de\/\",\"logo\":{\"@type\":\"ImageObject\",\"inLanguage\":\"de\",\"@id\":\"https:\/\/sits.friendventure.dev\/de\/#\/schema\/logo\/image\/\",\"url\":\"https:\/\/sits.friendventure.dev\/wp-content\/uploads\/2024\/04\/sits-logo-new.svg\",\"contentUrl\":\"https:\/\/sits.friendventure.dev\/wp-content\/uploads\/2024\/04\/sits-logo-new.svg\",\"width\":557,\"height\":322,\"caption\":\"SITS\"},\"image\":{\"@id\":\"https:\/\/sits.friendventure.dev\/de\/#\/schema\/logo\/image\/\"}}]}<\/script>\n<!-- \/ Yoast SEO plugin. -->","yoast_head_json":{"title":"Pascal Keller-Bossart wird neuer CEO der SITS Group - SITS","description":"Die SITS Group AG ernennt Pascal Keller-Bossart (45) mit Wirkung vom 1. M\u00e4rz 2025 zum neuen CEO.","robots":{"index":"noindex","follow":"follow","max-snippet":"max-snippet:-1","max-image-preview":"max-image-preview:large","max-video-preview":"max-video-preview:-1"},"og_locale":"de_DE","og_type":"article","og_title":"Pascal Keller-Bossart wird neuer CEO der SITS Group - SITS","og_description":"Die SITS Group AG ernennt Pascal Keller-Bossart (45) mit Wirkung vom 1. M\u00e4rz 2025 zum neuen CEO.","og_url":"https:\/\/sits.friendventure.dev\/de\/news\/pascal-keller-bossart-wird-neuer-ceo-der-sits-group\/","og_site_name":"SITS","article_modified_time":"2025-02-26T15:35:34+00:00","og_image":[{"width":805,"height":1435,"url":"https:\/\/sits.friendventure.dev\/wp-content\/uploads\/2024\/02\/SITS1.jpg","type":"image\/jpeg"}],"twitter_card":"summary_large_image","twitter_misc":{"Est. reading time":"2 minutes"},"schema":{"@context":"https:\/\/schema.org","@graph":[{"@type":"WebPage","@id":"https:\/\/sits.friendventure.dev\/de\/news\/pascal-keller-bossart-wird-neuer-ceo-der-sits-group\/","url":"https:\/\/sits.friendventure.dev\/de\/news\/pascal-keller-bossart-wird-neuer-ceo-der-sits-group\/","name":"Pascal Keller-Bossart wird neuer CEO der SITS Group - SITS","isPartOf":{"@id":"https:\/\/sits.friendventure.dev\/de\/#website"},"primaryImageOfPage":{"@id":"https:\/\/sits.friendventure.dev\/de\/news\/pascal-keller-bossart-wird-neuer-ceo-der-sits-group\/#primaryimage"},"image":{"@id":"https:\/\/sits.friendventure.dev\/de\/news\/pascal-keller-bossart-wird-neuer-ceo-der-sits-group\/#primaryimage"},"thumbnailUrl":"https:\/\/sits.friendventure.dev\/wp-content\/uploads\/2024\/02\/SITS1.jpg","datePublished":"2025-02-26T10:00:05+00:00","dateModified":"2025-02-26T15:35:34+00:00","description":"Die SITS Group AG ernennt Pascal Keller-Bossart (45) mit Wirkung vom 1. M\u00e4rz 2025 zum neuen CEO.","breadcrumb":{"@id":"https:\/\/sits.friendventure.dev\/de\/news\/pascal-keller-bossart-wird-neuer-ceo-der-sits-group\/#breadcrumb"},"inLanguage":"de","potentialAction":[{"@type":"ReadAction","target":["https:\/\/sits.friendventure.dev\/de\/news\/pascal-keller-bossart-wird-neuer-ceo-der-sits-group\/"]}]},{"@type":"ImageObject","inLanguage":"de","@id":"https:\/\/sits.friendventure.dev\/de\/news\/pascal-keller-bossart-wird-neuer-ceo-der-sits-group\/#primaryimage","url":"https:\/\/sits.friendventure.dev\/wp-content\/uploads\/2024\/02\/SITS1.jpg","contentUrl":"https:\/\/sits.friendventure.dev\/wp-content\/uploads\/2024\/02\/SITS1.jpg","width":805,"height":1435},{"@type":"BreadcrumbList","@id":"https:\/\/sits.friendventure.dev\/de\/news\/pascal-keller-bossart-wird-neuer-ceo-der-sits-group\/#breadcrumb","itemListElement":[{"@type":"ListItem","position":1,"name":"Startseite","item":"https:\/\/sits.friendventure.dev\/de\/"},{"@type":"ListItem","position":2,"name":"Pascal Keller-Bossart wird neuer CEO der SITS Group"}]},{"@type":"WebSite","@id":"https:\/\/sits.friendventure.dev\/de\/#website","url":"https:\/\/sits.friendventure.dev\/de\/","name":"SITS","description":"","publisher":{"@id":"https:\/\/sits.friendventure.dev\/de\/#organization"},"potentialAction":[{"@type":"SearchAction","target":{"@type":"EntryPoint","urlTemplate":"https:\/\/sits.friendventure.dev\/de\/?s={search_term_string}"},"query-input":{"@type":"PropertyValueSpecification","valueRequired":true,"valueName":"search_term_string"}}],"inLanguage":"de"},{"@type":"Organization","@id":"https:\/\/sits.friendventure.dev\/de\/#organization","name":"SITS","url":"https:\/\/sits.friendventure.dev\/de\/","logo":{"@type":"ImageObject","inLanguage":"de","@id":"https:\/\/sits.friendventure.dev\/de\/#\/schema\/logo\/image\/","url":"https:\/\/sits.friendventure.dev\/wp-content\/uploads\/2024\/04\/sits-logo-new.svg","contentUrl":"https:\/\/sits.friendventure.dev\/wp-content\/uploads\/2024\/04\/sits-logo-new.svg","width":557,"height":322,"caption":"SITS"},"image":{"@id":"https:\/\/sits.friendventure.dev\/de\/#\/schema\/logo\/image\/"}}]}},"_links":{"self":[{"href":"https:\/\/sits.friendventure.dev\/de\/wp-json\/wp\/v2\/presse\/20197","targetHints":{"allow":["GET"]}}],"collection":[{"href":"https:\/\/sits.friendventure.dev\/de\/wp-json\/wp\/v2\/presse"}],"about":[{"href":"https:\/\/sits.friendventure.dev\/de\/wp-json\/wp\/v2\/types\/presse"}],"author":[{"embeddable":true,"href":"https:\/\/sits.friendventure.dev\/de\/wp-json\/wp\/v2\/users\/4"}],"wp:featuredmedia":[{"embeddable":true,"href":"https:\/\/sits.friendventure.dev\/de\/wp-json\/wp\/v2\/media\/5560"}],"wp:attachment":[{"href":"https:\/\/sits.friendventure.dev\/de\/wp-json\/wp\/v2\/media?parent=20197"}],"wp:term":[{"taxonomy":"press_categories","embeddable":true,"href":"https:\/\/sits.friendventure.dev\/de\/wp-json\/wp\/v2\/press_categories?post=20197"}],"curies":[{"name":"wp","href":"https:\/\/api.w.org\/{rel}","templated":true}]}}