{"id":10716,"date":"2021-03-23T15:17:40","date_gmt":"2021-03-23T14:17:40","guid":{"rendered":"https:\/\/sits.com\/presse\/interview-with-swiss-it-security-ceo-stephan-wettstein-part-2\/"},"modified":"2024-11-20T09:33:44","modified_gmt":"2024-11-20T08:33:44","slug":"interview-with-swiss-it-security-ceo-stephan-wettstein-part-2","status":"publish","type":"presse","link":"https:\/\/sits.friendventure.dev\/da\/news\/interview-with-swiss-it-security-ceo-stephan-wettstein-part-2\/","title":{"rendered":"Interview with Swiss IT Security CEO Stephan Wettstein Part 2"},"content":{"rendered":"<section class=\"wpb-content-wrapper\"><p>[vc_row][vc_column][vc_column_text]I f\u00f8rste del af interviewet med ICTkommunikation gav Stephan Wettstein, CEO for det tidligere Execure og nu Swiss IT Security (SITS) AG med base i Wettingen, et indblik i en gruppe af virksomheder, der vokser us\u00e6dvanligt hurtigt p\u00e5 grund af et stort antal lokale og internationale opk\u00f8b og skal forene forskellige kulturer. I anden del af interviewet fort\u00e6ller han om, hvordan SITS f\u00e5r fat i gode medarbejdere, og hvor schweiziske virksomheder i \u00f8jeblikket oplever de st\u00f8rste it-sikkerhedsproblemer, ogs\u00e5 i k\u00f8lvandet p\u00e5 pandemien.<\/p>\n<p><strong>L\u00e6s del 1 af interviewet <\/strong><a href=\"https:\/\/ictk.ch\/inhalt\/die-mitarbeitenden-und-kunden-sind-das-kapital-der-gruppe\">her<\/a><br \/>\n<strong>og del 2 <\/strong><a href=\"https:\/\/ictk.ch\/node\/241173\">her<\/a><\/p>\n<p><a href=\"https:\/\/ictk.ch\/node\/241173\">Kilde: IKT-kommunikation<\/a><\/p>\n<section class=\"elementor-section elementor-top-section elementor-element elementor-element-8bd2d8e elementor-section-boxed elementor-section-height-default elementor-section-height-default\" data-id=\"8bd2d8e\" data-element_type=\"section\">\n<div class=\"elementor-container elementor-column-gap-default\">\n<div class=\"elementor-row\">\n<div class=\"elementor-column elementor-col-100 elementor-top-column elementor-element elementor-element-2f05c47\" data-id=\"2f05c47\" data-element_type=\"column\">\n<div class=\"elementor-column-wrap elementor-element-populated\">\n<div class=\"elementor-widget-wrap\">\n<div class=\"elementor-element elementor-element-325d76d elementor-widget elementor-widget-text-editor\" data-id=\"325d76d\" data-element_type=\"widget\" data-widget_type=\"text-editor.default\">\n<div class=\"elementor-widget-container\">\n<div class=\"elementor-text-editor elementor-clearfix\"><\/div>\n<\/div>\n<\/div>\n<\/div>\n<\/div>\n<\/div>\n<\/div>\n<\/div>\n<\/section>\n<p>[\/vc_column_text][\/vc_column][\/vc_row]<\/p>\n<\/section>","protected":false},"excerpt":{"rendered":"<p>[vc_row][vc_column][vc_column_text]I f\u00f8rste del af interviewet med ICTkommunikation gav Stephan Wettstein, CEO for det tidligere Execure og nu Swiss IT Security (SITS) AG med base i Wettingen, et indblik i en gruppe af virksomheder, der vokser us\u00e6dvanligt hurtigt p\u00e5 grund af et stort antal lokale og internationale opk\u00f8b og skal forene forskellige kulturer. I anden del [&hellip;]<\/p>\n","protected":false},"author":5,"featured_media":10668,"template":"","meta":{"inline_featured_image":false},"press_categories":[293],"class_list":["post-10716","presse","type-presse","status-publish","has-post-thumbnail","hentry","press_categories-sits-da"],"acf":[],"yoast_head":"<!-- This site is optimized with the Yoast SEO plugin v24.9 - https:\/\/yoast.com\/wordpress\/plugins\/seo\/ -->\n<title>Interview with Swiss IT Security CEO Stephan Wettstein Part 2 - SITS<\/title>\n<meta name=\"description\" content=\"Interview with Swiss IT Security CEO Stephan Wettstein Part 2 \u00bb Jetzt informieren!\" \/>\n<meta name=\"robots\" content=\"noindex, follow, max-snippet:-1, max-image-preview:large, max-video-preview:-1\" \/>\n<meta property=\"og:locale\" content=\"da_DK\" \/>\n<meta property=\"og:type\" content=\"article\" \/>\n<meta property=\"og:title\" content=\"Interview with Swiss IT Security CEO Stephan Wettstein Part 2 - SITS\" \/>\n<meta property=\"og:description\" content=\"Interview with Swiss IT Security CEO Stephan Wettstein Part 2 \u00bb Jetzt informieren!\" \/>\n<meta property=\"og:url\" content=\"https:\/\/sits.friendventure.dev\/da\/news\/interview-with-swiss-it-security-ceo-stephan-wettstein-part-2\/\" \/>\n<meta property=\"og:site_name\" content=\"SITS\" \/>\n<meta property=\"article:modified_time\" content=\"2024-11-20T08:33:44+00:00\" \/>\n<meta property=\"og:image\" content=\"https:\/\/sits.friendventure.dev\/wp-content\/uploads\/2023\/11\/SITS7.jpg\" \/>\n\t<meta property=\"og:image:width\" content=\"805\" \/>\n\t<meta property=\"og:image:height\" content=\"1435\" \/>\n\t<meta property=\"og:image:type\" content=\"image\/jpeg\" \/>\n<meta name=\"twitter:card\" content=\"summary_large_image\" \/>\n<meta name=\"twitter:label1\" content=\"Estimeret l\u00e6setid\" \/>\n\t<meta name=\"twitter:data1\" content=\"1 minut\" \/>\n<script type=\"application\/ld+json\" class=\"yoast-schema-graph\">{\"@context\":\"https:\/\/schema.org\",\"@graph\":[{\"@type\":\"WebPage\",\"@id\":\"https:\/\/sits.friendventure.dev\/da\/news\/interview-with-swiss-it-security-ceo-stephan-wettstein-part-2\/\",\"url\":\"https:\/\/sits.friendventure.dev\/da\/news\/interview-with-swiss-it-security-ceo-stephan-wettstein-part-2\/\",\"name\":\"Interview with Swiss IT Security CEO Stephan Wettstein Part 2 - SITS\",\"isPartOf\":{\"@id\":\"https:\/\/sits.friendventure.dev\/da\/#website\"},\"primaryImageOfPage\":{\"@id\":\"https:\/\/sits.friendventure.dev\/da\/news\/interview-with-swiss-it-security-ceo-stephan-wettstein-part-2\/#primaryimage\"},\"image\":{\"@id\":\"https:\/\/sits.friendventure.dev\/da\/news\/interview-with-swiss-it-security-ceo-stephan-wettstein-part-2\/#primaryimage\"},\"thumbnailUrl\":\"https:\/\/sits.friendventure.dev\/wp-content\/uploads\/2023\/11\/SITS7.jpg\",\"datePublished\":\"2021-03-23T14:17:40+00:00\",\"dateModified\":\"2024-11-20T08:33:44+00:00\",\"description\":\"Interview with Swiss IT Security CEO Stephan Wettstein Part 2 \u00bb Jetzt informieren!\",\"breadcrumb\":{\"@id\":\"https:\/\/sits.friendventure.dev\/da\/news\/interview-with-swiss-it-security-ceo-stephan-wettstein-part-2\/#breadcrumb\"},\"inLanguage\":\"da-DK\",\"potentialAction\":[{\"@type\":\"ReadAction\",\"target\":[\"https:\/\/sits.friendventure.dev\/da\/news\/interview-with-swiss-it-security-ceo-stephan-wettstein-part-2\/\"]}]},{\"@type\":\"ImageObject\",\"inLanguage\":\"da-DK\",\"@id\":\"https:\/\/sits.friendventure.dev\/da\/news\/interview-with-swiss-it-security-ceo-stephan-wettstein-part-2\/#primaryimage\",\"url\":\"https:\/\/sits.friendventure.dev\/wp-content\/uploads\/2023\/11\/SITS7.jpg\",\"contentUrl\":\"https:\/\/sits.friendventure.dev\/wp-content\/uploads\/2023\/11\/SITS7.jpg\",\"width\":805,\"height\":1435},{\"@type\":\"BreadcrumbList\",\"@id\":\"https:\/\/sits.friendventure.dev\/da\/news\/interview-with-swiss-it-security-ceo-stephan-wettstein-part-2\/#breadcrumb\",\"itemListElement\":[{\"@type\":\"ListItem\",\"position\":1,\"name\":\"Startseite\",\"item\":\"https:\/\/sits.friendventure.dev\/da\/\"},{\"@type\":\"ListItem\",\"position\":2,\"name\":\"Interview with Swiss IT Security CEO Stephan Wettstein Part 2\"}]},{\"@type\":\"WebSite\",\"@id\":\"https:\/\/sits.friendventure.dev\/da\/#website\",\"url\":\"https:\/\/sits.friendventure.dev\/da\/\",\"name\":\"SITS\",\"description\":\"\",\"publisher\":{\"@id\":\"https:\/\/sits.friendventure.dev\/da\/#organization\"},\"potentialAction\":[{\"@type\":\"SearchAction\",\"target\":{\"@type\":\"EntryPoint\",\"urlTemplate\":\"https:\/\/sits.friendventure.dev\/da\/?s={search_term_string}\"},\"query-input\":{\"@type\":\"PropertyValueSpecification\",\"valueRequired\":true,\"valueName\":\"search_term_string\"}}],\"inLanguage\":\"da-DK\"},{\"@type\":\"Organization\",\"@id\":\"https:\/\/sits.friendventure.dev\/da\/#organization\",\"name\":\"SITS\",\"url\":\"https:\/\/sits.friendventure.dev\/da\/\",\"logo\":{\"@type\":\"ImageObject\",\"inLanguage\":\"da-DK\",\"@id\":\"https:\/\/sits.friendventure.dev\/da\/#\/schema\/logo\/image\/\",\"url\":\"https:\/\/sits.friendventure.dev\/wp-content\/uploads\/2024\/04\/sits-logo-new.svg\",\"contentUrl\":\"https:\/\/sits.friendventure.dev\/wp-content\/uploads\/2024\/04\/sits-logo-new.svg\",\"width\":557,\"height\":322,\"caption\":\"SITS\"},\"image\":{\"@id\":\"https:\/\/sits.friendventure.dev\/da\/#\/schema\/logo\/image\/\"}}]}<\/script>\n<!-- \/ Yoast SEO plugin. -->","yoast_head_json":{"title":"Interview with Swiss IT Security CEO Stephan Wettstein Part 2 - SITS","description":"Interview with Swiss IT Security CEO Stephan Wettstein Part 2 \u00bb Jetzt informieren!","robots":{"index":"noindex","follow":"follow","max-snippet":"max-snippet:-1","max-image-preview":"max-image-preview:large","max-video-preview":"max-video-preview:-1"},"og_locale":"da_DK","og_type":"article","og_title":"Interview with Swiss IT Security CEO Stephan Wettstein Part 2 - SITS","og_description":"Interview with Swiss IT Security CEO Stephan Wettstein Part 2 \u00bb Jetzt informieren!","og_url":"https:\/\/sits.friendventure.dev\/da\/news\/interview-with-swiss-it-security-ceo-stephan-wettstein-part-2\/","og_site_name":"SITS","article_modified_time":"2024-11-20T08:33:44+00:00","og_image":[{"width":805,"height":1435,"url":"https:\/\/sits.friendventure.dev\/wp-content\/uploads\/2023\/11\/SITS7.jpg","type":"image\/jpeg"}],"twitter_card":"summary_large_image","twitter_misc":{"Estimeret l\u00e6setid":"1 minut"},"schema":{"@context":"https:\/\/schema.org","@graph":[{"@type":"WebPage","@id":"https:\/\/sits.friendventure.dev\/da\/news\/interview-with-swiss-it-security-ceo-stephan-wettstein-part-2\/","url":"https:\/\/sits.friendventure.dev\/da\/news\/interview-with-swiss-it-security-ceo-stephan-wettstein-part-2\/","name":"Interview with Swiss IT Security CEO Stephan Wettstein Part 2 - SITS","isPartOf":{"@id":"https:\/\/sits.friendventure.dev\/da\/#website"},"primaryImageOfPage":{"@id":"https:\/\/sits.friendventure.dev\/da\/news\/interview-with-swiss-it-security-ceo-stephan-wettstein-part-2\/#primaryimage"},"image":{"@id":"https:\/\/sits.friendventure.dev\/da\/news\/interview-with-swiss-it-security-ceo-stephan-wettstein-part-2\/#primaryimage"},"thumbnailUrl":"https:\/\/sits.friendventure.dev\/wp-content\/uploads\/2023\/11\/SITS7.jpg","datePublished":"2021-03-23T14:17:40+00:00","dateModified":"2024-11-20T08:33:44+00:00","description":"Interview with Swiss IT Security CEO Stephan Wettstein Part 2 \u00bb Jetzt informieren!","breadcrumb":{"@id":"https:\/\/sits.friendventure.dev\/da\/news\/interview-with-swiss-it-security-ceo-stephan-wettstein-part-2\/#breadcrumb"},"inLanguage":"da-DK","potentialAction":[{"@type":"ReadAction","target":["https:\/\/sits.friendventure.dev\/da\/news\/interview-with-swiss-it-security-ceo-stephan-wettstein-part-2\/"]}]},{"@type":"ImageObject","inLanguage":"da-DK","@id":"https:\/\/sits.friendventure.dev\/da\/news\/interview-with-swiss-it-security-ceo-stephan-wettstein-part-2\/#primaryimage","url":"https:\/\/sits.friendventure.dev\/wp-content\/uploads\/2023\/11\/SITS7.jpg","contentUrl":"https:\/\/sits.friendventure.dev\/wp-content\/uploads\/2023\/11\/SITS7.jpg","width":805,"height":1435},{"@type":"BreadcrumbList","@id":"https:\/\/sits.friendventure.dev\/da\/news\/interview-with-swiss-it-security-ceo-stephan-wettstein-part-2\/#breadcrumb","itemListElement":[{"@type":"ListItem","position":1,"name":"Startseite","item":"https:\/\/sits.friendventure.dev\/da\/"},{"@type":"ListItem","position":2,"name":"Interview with Swiss IT Security CEO Stephan Wettstein Part 2"}]},{"@type":"WebSite","@id":"https:\/\/sits.friendventure.dev\/da\/#website","url":"https:\/\/sits.friendventure.dev\/da\/","name":"SITS","description":"","publisher":{"@id":"https:\/\/sits.friendventure.dev\/da\/#organization"},"potentialAction":[{"@type":"SearchAction","target":{"@type":"EntryPoint","urlTemplate":"https:\/\/sits.friendventure.dev\/da\/?s={search_term_string}"},"query-input":{"@type":"PropertyValueSpecification","valueRequired":true,"valueName":"search_term_string"}}],"inLanguage":"da-DK"},{"@type":"Organization","@id":"https:\/\/sits.friendventure.dev\/da\/#organization","name":"SITS","url":"https:\/\/sits.friendventure.dev\/da\/","logo":{"@type":"ImageObject","inLanguage":"da-DK","@id":"https:\/\/sits.friendventure.dev\/da\/#\/schema\/logo\/image\/","url":"https:\/\/sits.friendventure.dev\/wp-content\/uploads\/2024\/04\/sits-logo-new.svg","contentUrl":"https:\/\/sits.friendventure.dev\/wp-content\/uploads\/2024\/04\/sits-logo-new.svg","width":557,"height":322,"caption":"SITS"},"image":{"@id":"https:\/\/sits.friendventure.dev\/da\/#\/schema\/logo\/image\/"}}]}},"_links":{"self":[{"href":"https:\/\/sits.friendventure.dev\/da\/wp-json\/wp\/v2\/presse\/10716","targetHints":{"allow":["GET"]}}],"collection":[{"href":"https:\/\/sits.friendventure.dev\/da\/wp-json\/wp\/v2\/presse"}],"about":[{"href":"https:\/\/sits.friendventure.dev\/da\/wp-json\/wp\/v2\/types\/presse"}],"author":[{"embeddable":true,"href":"https:\/\/sits.friendventure.dev\/da\/wp-json\/wp\/v2\/users\/5"}],"wp:featuredmedia":[{"embeddable":true,"href":"https:\/\/sits.friendventure.dev\/da\/wp-json\/wp\/v2\/media\/10668"}],"wp:attachment":[{"href":"https:\/\/sits.friendventure.dev\/da\/wp-json\/wp\/v2\/media?parent=10716"}],"wp:term":[{"taxonomy":"press_categories","embeddable":true,"href":"https:\/\/sits.friendventure.dev\/da\/wp-json\/wp\/v2\/press_categories?post=10716"}],"curies":[{"name":"wp","href":"https:\/\/api.w.org\/{rel}","templated":true}]}}