{"id":10699,"date":"2022-08-25T14:13:41","date_gmt":"2022-08-25T12:13:41","guid":{"rendered":"https:\/\/sits.com\/presse\/prof-dr-claudia-eckert-tritt-dem-verwaltungsrat-der-swiss-it-security-group-bei\/"},"modified":"2024-11-20T09:44:37","modified_gmt":"2024-11-20T08:44:37","slug":"prof-dr-claudia-eckert-tritt-dem-verwaltungsrat-der-swiss-it-security-group-bei","status":"publish","type":"presse","link":"https:\/\/sits.friendventure.dev\/da\/news\/prof-dr-claudia-eckert-joins-the-board-of-directors-of-the-swiss-it-security-group\/","title":{"rendered":"Prof. Dr. Claudia Eckert joins the Board of Directors of the Swiss IT Security Group"},"content":{"rendered":"<section class=\"wpb-content-wrapper\"><p>[vc_row][vc_column][vc_column_text]<span class=\"elementor-heading-title elementor-size-default\">Wettingen (Switzerland), August 25, 2022 <\/span>[\/vc_column_text][\/vc_column][\/vc_row][vc_row][vc_column][vc_column_text]Med \u00f8jeblikkelig virkning er Prof. Dr. Claudia Eckert blevet udn\u00e6vnt til bestyrelsen for Swiss IT Security Group.<\/p>\n<p>Den erfarne og dekorerede datalog er leder af \"Sikkerhed i Informatik\" ved det Tekniske Universitet i M\u00fcnchen samt leder af Fraunhofer-instituttet for Anvendt og Integreret Sikkerhed (AISEC) i Garching ved M\u00fcnchen. Derudover er hun blandt andet medlem af bestyrelserne for Bundesdruckerei, Trumpf GmbH og BWI GmbH.<\/p>\n<p>Som medlem af vigtige videnskabelige og industrielle r\u00e5d, r\u00e5dgiver hun virksomheder, erhvervsorganisationer og ministerier p\u00e5 nationalt og internationalt niveau i udviklingen af forskningsstrategier og implementeringen af sikkerhedskoncepter.<\/p>\n<p>Hendes pr\u00e6stationer er blandt andet blevet h\u00e6dret med prisen \"Deutschlands Digitale K\u00f6pfe\" fra det tyske forbundsministerium for uddannelse og forskning samt med Bayerns fortjenstorden i 2021[\/vc_column_text]<div class=\"smx_global_spacer size-s\"><\/div>\n<div class=\"quote-line\">\n    <div class=\"summary-container-line clr-primary-line\">\n\n                    <div class=\"summary-content_quote-line h6 \">``Som en internationalt anerkendt cybersikkerhedsekspert med et stort netv\u00e6rk vil Prof. Dr. Eckert kunne spille en n\u00f8glerolle i at forme koncernens videre udvikling til at blive en af Europas f\u00f8rende cybersikkerhedsvirksomheder.``<\/p>\n<p>J\u00fcrgen Rottler, bestyrelsesformand for SITS Group.<br \/>\n<\/div>   \n        \n    <\/div>\n<\/div>[\/vc_column][\/vc_row]<\/p>\n<\/section>","protected":false},"excerpt":{"rendered":"<p>[vc_row][vc_column][vc_column_text]Wettingen (Switzerland), August 25, 2022 [\/vc_column_text][\/vc_column][\/vc_row][vc_row][vc_column][vc_column_text]Med \u00f8jeblikkelig virkning er Prof. Dr. Claudia Eckert blevet udn\u00e6vnt til bestyrelsen for Swiss IT Security Group. Den erfarne og dekorerede datalog er leder af &#8220;Sikkerhed i Informatik&#8221; ved det Tekniske Universitet i M\u00fcnchen samt leder af Fraunhofer-instituttet for Anvendt og Integreret Sikkerhed (AISEC) i Garching ved M\u00fcnchen. Derudover er [&hellip;]<\/p>\n","protected":false},"author":5,"featured_media":10668,"template":"","meta":{"inline_featured_image":false},"press_categories":[293],"class_list":["post-10699","presse","type-presse","status-publish","has-post-thumbnail","hentry","press_categories-sits-da"],"acf":[],"yoast_head":"<!-- This site is optimized with the Yoast SEO plugin v24.9 - https:\/\/yoast.com\/wordpress\/plugins\/seo\/ -->\n<title>Prof. Dr. Claudia Eckert joins the Board of Directors of the Swiss IT Security Group - SITS<\/title>\n<meta name=\"description\" content=\"Prof. Dr. Claudia Eckert joins the Board of Directors of the Swiss IT Security Group \u00bb Jetzt informieren!\" \/>\n<meta name=\"robots\" content=\"noindex, follow, max-snippet:-1, max-image-preview:large, max-video-preview:-1\" \/>\n<meta property=\"og:locale\" content=\"da_DK\" \/>\n<meta property=\"og:type\" content=\"article\" \/>\n<meta property=\"og:title\" content=\"Prof. Dr. Claudia Eckert joins the Board of Directors of the Swiss IT Security Group - SITS\" \/>\n<meta property=\"og:description\" content=\"Prof. Dr. Claudia Eckert joins the Board of Directors of the Swiss IT Security Group \u00bb Jetzt informieren!\" \/>\n<meta property=\"og:url\" content=\"https:\/\/sits.friendventure.dev\/da\/news\/prof-dr-claudia-eckert-joins-the-board-of-directors-of-the-swiss-it-security-group\/\" \/>\n<meta property=\"og:site_name\" content=\"SITS\" \/>\n<meta property=\"article:modified_time\" content=\"2024-11-20T08:44:37+00:00\" \/>\n<meta property=\"og:image\" content=\"https:\/\/sits.friendventure.dev\/wp-content\/uploads\/2023\/11\/SITS7.jpg\" \/>\n\t<meta property=\"og:image:width\" content=\"805\" \/>\n\t<meta property=\"og:image:height\" content=\"1435\" \/>\n\t<meta property=\"og:image:type\" content=\"image\/jpeg\" \/>\n<meta name=\"twitter:card\" content=\"summary_large_image\" \/>\n<meta name=\"twitter:label1\" content=\"Estimeret l\u00e6setid\" \/>\n\t<meta name=\"twitter:data1\" content=\"1 minut\" \/>\n<script type=\"application\/ld+json\" class=\"yoast-schema-graph\">{\"@context\":\"https:\/\/schema.org\",\"@graph\":[{\"@type\":\"WebPage\",\"@id\":\"https:\/\/sits.friendventure.dev\/da\/news\/prof-dr-claudia-eckert-joins-the-board-of-directors-of-the-swiss-it-security-group\/\",\"url\":\"https:\/\/sits.friendventure.dev\/da\/news\/prof-dr-claudia-eckert-joins-the-board-of-directors-of-the-swiss-it-security-group\/\",\"name\":\"Prof. Dr. Claudia Eckert joins the Board of Directors of the Swiss IT Security Group - SITS\",\"isPartOf\":{\"@id\":\"https:\/\/sits.friendventure.dev\/da\/#website\"},\"primaryImageOfPage\":{\"@id\":\"https:\/\/sits.friendventure.dev\/da\/news\/prof-dr-claudia-eckert-joins-the-board-of-directors-of-the-swiss-it-security-group\/#primaryimage\"},\"image\":{\"@id\":\"https:\/\/sits.friendventure.dev\/da\/news\/prof-dr-claudia-eckert-joins-the-board-of-directors-of-the-swiss-it-security-group\/#primaryimage\"},\"thumbnailUrl\":\"https:\/\/sits.friendventure.dev\/wp-content\/uploads\/2023\/11\/SITS7.jpg\",\"datePublished\":\"2022-08-25T12:13:41+00:00\",\"dateModified\":\"2024-11-20T08:44:37+00:00\",\"description\":\"Prof. Dr. Claudia Eckert joins the Board of Directors of the Swiss IT Security Group \u00bb Jetzt informieren!\",\"breadcrumb\":{\"@id\":\"https:\/\/sits.friendventure.dev\/da\/news\/prof-dr-claudia-eckert-joins-the-board-of-directors-of-the-swiss-it-security-group\/#breadcrumb\"},\"inLanguage\":\"da-DK\",\"potentialAction\":[{\"@type\":\"ReadAction\",\"target\":[\"https:\/\/sits.friendventure.dev\/da\/news\/prof-dr-claudia-eckert-joins-the-board-of-directors-of-the-swiss-it-security-group\/\"]}]},{\"@type\":\"ImageObject\",\"inLanguage\":\"da-DK\",\"@id\":\"https:\/\/sits.friendventure.dev\/da\/news\/prof-dr-claudia-eckert-joins-the-board-of-directors-of-the-swiss-it-security-group\/#primaryimage\",\"url\":\"https:\/\/sits.friendventure.dev\/wp-content\/uploads\/2023\/11\/SITS7.jpg\",\"contentUrl\":\"https:\/\/sits.friendventure.dev\/wp-content\/uploads\/2023\/11\/SITS7.jpg\",\"width\":805,\"height\":1435},{\"@type\":\"BreadcrumbList\",\"@id\":\"https:\/\/sits.friendventure.dev\/da\/news\/prof-dr-claudia-eckert-joins-the-board-of-directors-of-the-swiss-it-security-group\/#breadcrumb\",\"itemListElement\":[{\"@type\":\"ListItem\",\"position\":1,\"name\":\"Startseite\",\"item\":\"https:\/\/sits.friendventure.dev\/da\/\"},{\"@type\":\"ListItem\",\"position\":2,\"name\":\"Prof. Dr. Claudia Eckert joins the Board of Directors of the Swiss IT Security Group\"}]},{\"@type\":\"WebSite\",\"@id\":\"https:\/\/sits.friendventure.dev\/da\/#website\",\"url\":\"https:\/\/sits.friendventure.dev\/da\/\",\"name\":\"SITS\",\"description\":\"\",\"publisher\":{\"@id\":\"https:\/\/sits.friendventure.dev\/da\/#organization\"},\"potentialAction\":[{\"@type\":\"SearchAction\",\"target\":{\"@type\":\"EntryPoint\",\"urlTemplate\":\"https:\/\/sits.friendventure.dev\/da\/?s={search_term_string}\"},\"query-input\":{\"@type\":\"PropertyValueSpecification\",\"valueRequired\":true,\"valueName\":\"search_term_string\"}}],\"inLanguage\":\"da-DK\"},{\"@type\":\"Organization\",\"@id\":\"https:\/\/sits.friendventure.dev\/da\/#organization\",\"name\":\"SITS\",\"url\":\"https:\/\/sits.friendventure.dev\/da\/\",\"logo\":{\"@type\":\"ImageObject\",\"inLanguage\":\"da-DK\",\"@id\":\"https:\/\/sits.friendventure.dev\/da\/#\/schema\/logo\/image\/\",\"url\":\"https:\/\/sits.friendventure.dev\/wp-content\/uploads\/2024\/04\/sits-logo-new.svg\",\"contentUrl\":\"https:\/\/sits.friendventure.dev\/wp-content\/uploads\/2024\/04\/sits-logo-new.svg\",\"width\":557,\"height\":322,\"caption\":\"SITS\"},\"image\":{\"@id\":\"https:\/\/sits.friendventure.dev\/da\/#\/schema\/logo\/image\/\"}}]}<\/script>\n<!-- \/ Yoast SEO plugin. -->","yoast_head_json":{"title":"Prof. Dr. Claudia Eckert joins the Board of Directors of the Swiss IT Security Group - SITS","description":"Prof. Dr. Claudia Eckert joins the Board of Directors of the Swiss IT Security Group \u00bb Jetzt informieren!","robots":{"index":"noindex","follow":"follow","max-snippet":"max-snippet:-1","max-image-preview":"max-image-preview:large","max-video-preview":"max-video-preview:-1"},"og_locale":"da_DK","og_type":"article","og_title":"Prof. Dr. Claudia Eckert joins the Board of Directors of the Swiss IT Security Group - SITS","og_description":"Prof. Dr. Claudia Eckert joins the Board of Directors of the Swiss IT Security Group \u00bb Jetzt informieren!","og_url":"https:\/\/sits.friendventure.dev\/da\/news\/prof-dr-claudia-eckert-joins-the-board-of-directors-of-the-swiss-it-security-group\/","og_site_name":"SITS","article_modified_time":"2024-11-20T08:44:37+00:00","og_image":[{"width":805,"height":1435,"url":"https:\/\/sits.friendventure.dev\/wp-content\/uploads\/2023\/11\/SITS7.jpg","type":"image\/jpeg"}],"twitter_card":"summary_large_image","twitter_misc":{"Estimeret l\u00e6setid":"1 minut"},"schema":{"@context":"https:\/\/schema.org","@graph":[{"@type":"WebPage","@id":"https:\/\/sits.friendventure.dev\/da\/news\/prof-dr-claudia-eckert-joins-the-board-of-directors-of-the-swiss-it-security-group\/","url":"https:\/\/sits.friendventure.dev\/da\/news\/prof-dr-claudia-eckert-joins-the-board-of-directors-of-the-swiss-it-security-group\/","name":"Prof. Dr. Claudia Eckert joins the Board of Directors of the Swiss IT Security Group - SITS","isPartOf":{"@id":"https:\/\/sits.friendventure.dev\/da\/#website"},"primaryImageOfPage":{"@id":"https:\/\/sits.friendventure.dev\/da\/news\/prof-dr-claudia-eckert-joins-the-board-of-directors-of-the-swiss-it-security-group\/#primaryimage"},"image":{"@id":"https:\/\/sits.friendventure.dev\/da\/news\/prof-dr-claudia-eckert-joins-the-board-of-directors-of-the-swiss-it-security-group\/#primaryimage"},"thumbnailUrl":"https:\/\/sits.friendventure.dev\/wp-content\/uploads\/2023\/11\/SITS7.jpg","datePublished":"2022-08-25T12:13:41+00:00","dateModified":"2024-11-20T08:44:37+00:00","description":"Prof. Dr. Claudia Eckert joins the Board of Directors of the Swiss IT Security Group \u00bb Jetzt informieren!","breadcrumb":{"@id":"https:\/\/sits.friendventure.dev\/da\/news\/prof-dr-claudia-eckert-joins-the-board-of-directors-of-the-swiss-it-security-group\/#breadcrumb"},"inLanguage":"da-DK","potentialAction":[{"@type":"ReadAction","target":["https:\/\/sits.friendventure.dev\/da\/news\/prof-dr-claudia-eckert-joins-the-board-of-directors-of-the-swiss-it-security-group\/"]}]},{"@type":"ImageObject","inLanguage":"da-DK","@id":"https:\/\/sits.friendventure.dev\/da\/news\/prof-dr-claudia-eckert-joins-the-board-of-directors-of-the-swiss-it-security-group\/#primaryimage","url":"https:\/\/sits.friendventure.dev\/wp-content\/uploads\/2023\/11\/SITS7.jpg","contentUrl":"https:\/\/sits.friendventure.dev\/wp-content\/uploads\/2023\/11\/SITS7.jpg","width":805,"height":1435},{"@type":"BreadcrumbList","@id":"https:\/\/sits.friendventure.dev\/da\/news\/prof-dr-claudia-eckert-joins-the-board-of-directors-of-the-swiss-it-security-group\/#breadcrumb","itemListElement":[{"@type":"ListItem","position":1,"name":"Startseite","item":"https:\/\/sits.friendventure.dev\/da\/"},{"@type":"ListItem","position":2,"name":"Prof. Dr. Claudia Eckert joins the Board of Directors of the Swiss IT Security Group"}]},{"@type":"WebSite","@id":"https:\/\/sits.friendventure.dev\/da\/#website","url":"https:\/\/sits.friendventure.dev\/da\/","name":"SITS","description":"","publisher":{"@id":"https:\/\/sits.friendventure.dev\/da\/#organization"},"potentialAction":[{"@type":"SearchAction","target":{"@type":"EntryPoint","urlTemplate":"https:\/\/sits.friendventure.dev\/da\/?s={search_term_string}"},"query-input":{"@type":"PropertyValueSpecification","valueRequired":true,"valueName":"search_term_string"}}],"inLanguage":"da-DK"},{"@type":"Organization","@id":"https:\/\/sits.friendventure.dev\/da\/#organization","name":"SITS","url":"https:\/\/sits.friendventure.dev\/da\/","logo":{"@type":"ImageObject","inLanguage":"da-DK","@id":"https:\/\/sits.friendventure.dev\/da\/#\/schema\/logo\/image\/","url":"https:\/\/sits.friendventure.dev\/wp-content\/uploads\/2024\/04\/sits-logo-new.svg","contentUrl":"https:\/\/sits.friendventure.dev\/wp-content\/uploads\/2024\/04\/sits-logo-new.svg","width":557,"height":322,"caption":"SITS"},"image":{"@id":"https:\/\/sits.friendventure.dev\/da\/#\/schema\/logo\/image\/"}}]}},"_links":{"self":[{"href":"https:\/\/sits.friendventure.dev\/da\/wp-json\/wp\/v2\/presse\/10699","targetHints":{"allow":["GET"]}}],"collection":[{"href":"https:\/\/sits.friendventure.dev\/da\/wp-json\/wp\/v2\/presse"}],"about":[{"href":"https:\/\/sits.friendventure.dev\/da\/wp-json\/wp\/v2\/types\/presse"}],"author":[{"embeddable":true,"href":"https:\/\/sits.friendventure.dev\/da\/wp-json\/wp\/v2\/users\/5"}],"wp:featuredmedia":[{"embeddable":true,"href":"https:\/\/sits.friendventure.dev\/da\/wp-json\/wp\/v2\/media\/10668"}],"wp:attachment":[{"href":"https:\/\/sits.friendventure.dev\/da\/wp-json\/wp\/v2\/media?parent=10699"}],"wp:term":[{"taxonomy":"press_categories","embeddable":true,"href":"https:\/\/sits.friendventure.dev\/da\/wp-json\/wp\/v2\/press_categories?post=10699"}],"curies":[{"name":"wp","href":"https:\/\/api.w.org\/{rel}","templated":true}]}}